{"id":5541,"date":"2024-05-30T18:38:03","date_gmt":"2024-05-30T16:38:03","guid":{"rendered":"http:\/\/www.estetalschule.de\/wordpress\/?p=5541"},"modified":"2024-05-30T18:38:03","modified_gmt":"2024-05-30T16:38:03","slug":"betriebsbesichtigung-bo-an-der-obs-hollenstedt","status":"publish","type":"post","link":"http:\/\/www.estetalschule.de\/wordpress\/betriebsbesichtigung-bo-an-der-obs-hollenstedt\/","title":{"rendered":"Betriebsbesichtigung &#8211; BO an der OBS Hollenstedt"},"content":{"rendered":"\n<figure class=\"wp-block-image size-full\"><a href=\"http:\/\/www.estetalschule.de\/wordpress\/wp-content\/uploads\/2024\/05\/IMG_5164.jpg\"><img loading=\"lazy\" decoding=\"async\" width=\"640\" height=\"480\" src=\"http:\/\/www.estetalschule.de\/wordpress\/wp-content\/uploads\/2024\/05\/IMG_5164.jpg\" alt=\"\" class=\"wp-image-5540\"\/><\/a><\/figure>\n\n\n\n<p>Am 13.05.2024 war es endlich wieder soweit: Die Estetalschule Hollenstedt OBS war auf einer Betriebsbesichtigung in der heimischen Region!<\/p>\n\n\n\n<p>Wir haben einen der gr\u00f6\u00dften Arbeitgeber in unmittelbarer N\u00e4he unseres Schulstandortes besucht und haben gestaunt!<\/p>\n\n\n\n<p>Ziel der Exkursion war der Standort der Firma Lidl in Wenzendorf.<\/p>\n\n\n\n<p>Unsere Sch\u00fcler*innen aus dem Profil \u201eWirtschaft\u201c im Jg. 9+10 haben sich mit den Lehrkr\u00e4ften Frau Petersen, und Frau Roder sportlich mit dem Fahrrad auf den Weg gemacht.<\/p>\n\n\n\n<p>Als \u201eStarter\u201c wurde &#8211; nach einer kurzen Radtour von der Schule bis Wenzendorf &#8211; ein Fr\u00fchst\u00fcck, bestehend aus beliebten Artikeln aus dem Backsortiment der Firma, gereicht. Getr\u00e4nke durften auch nicht fehlen!<\/p>\n\n\n\n<p>Nach einer kurzen, aber umfassenden Einf\u00fchrung bez\u00fcglich der Firmengeschichte, des Firmenkonzerns und der Arbeits- bzw. Ausbildungsm\u00f6glichkeiten im Konzern durch den Ansprechpartner f\u00fcr Ausbildungsangelegenheiten wurde der Kurs durch die Hallen der Niederlassung gef\u00fchrt. Die Massen an G\u00fctern und deren kompakte Lagerung vor Ort war beeindruckend. Obwohl es drau\u00dfen bereits sommerlich war, fingen einige Besucher im \u201eK\u00fchltrakt\u201c an, zu \u201efr\u00f6steln\u201c. Auch der \u201eNon-Food\u201c-Bereich begeisterte durch die dort ausgestellten Waren und G\u00fcter.<\/p>\n\n\n\n<p>Zum Abschluss gab es noch ein Abschiedsgeschenk f\u00fcr alle und ein Foto mit allen Beteiligten dieser gelungenen Aktion. Fazit dieses Events: Grandios interessant \u2013 Wir kommen wieder!<\/p>\n","protected":false},"excerpt":{"rendered":"<p>Am 13.05.2024 war es endlich wieder soweit: Die Estetalschule Hollenstedt OBS war auf einer Betriebsbesichtigung in der heimischen Region! Wir haben einen der gr\u00f6\u00dften Arbeitgeber in unmittelbarer N\u00e4he unseres Schulstandortes besucht und haben gestaunt! Ziel der Exkursion war der Standort &hellip; <a href=\"http:\/\/www.estetalschule.de\/wordpress\/betriebsbesichtigung-bo-an-der-obs-hollenstedt\/\">Weiterlesen <span class=\"meta-nav\">&rarr;<\/span><\/a><\/p>\n","protected":false},"author":1,"featured_media":0,"comment_status":"closed","ping_status":"closed","sticky":false,"template":"","format":"standard","meta":{"footnotes":""},"categories":[7],"tags":[],"class_list":["post-5541","post","type-post","status-publish","format-standard","hentry","category-berufsorientierung"],"_links":{"self":[{"href":"http:\/\/www.estetalschule.de\/wordpress\/wp-json\/wp\/v2\/posts\/5541","targetHints":{"allow":["GET"]}}],"collection":[{"href":"http:\/\/www.estetalschule.de\/wordpress\/wp-json\/wp\/v2\/posts"}],"about":[{"href":"http:\/\/www.estetalschule.de\/wordpress\/wp-json\/wp\/v2\/types\/post"}],"author":[{"embeddable":true,"href":"http:\/\/www.estetalschule.de\/wordpress\/wp-json\/wp\/v2\/users\/1"}],"replies":[{"embeddable":true,"href":"http:\/\/www.estetalschule.de\/wordpress\/wp-json\/wp\/v2\/comments?post=5541"}],"version-history":[{"count":1,"href":"http:\/\/www.estetalschule.de\/wordpress\/wp-json\/wp\/v2\/posts\/5541\/revisions"}],"predecessor-version":[{"id":5542,"href":"http:\/\/www.estetalschule.de\/wordpress\/wp-json\/wp\/v2\/posts\/5541\/revisions\/5542"}],"wp:attachment":[{"href":"http:\/\/www.estetalschule.de\/wordpress\/wp-json\/wp\/v2\/media?parent=5541"}],"wp:term":[{"taxonomy":"category","embeddable":true,"href":"http:\/\/www.estetalschule.de\/wordpress\/wp-json\/wp\/v2\/categories?post=5541"},{"taxonomy":"post_tag","embeddable":true,"href":"http:\/\/www.estetalschule.de\/wordpress\/wp-json\/wp\/v2\/tags?post=5541"}],"curies":[{"name":"wp","href":"https:\/\/api.w.org\/{rel}","templated":true}]}}